[{"@context":"https:\/\/schema.org\/","@type":"Article","@id":"https:\/\/www.hrazdila.cz\/dovolena-neni-jen-u-more\/#Article","mainEntityOfPage":"https:\/\/www.hrazdila.cz\/dovolena-neni-jen-u-more\/","headline":"Dovolen\u00e1 nen\u00ed jen u mo\u0159e","name":"Dovolen\u00e1 nen\u00ed jen u mo\u0159e","description":"&nbsp;Mnoho lid\u00ed si dovolenou a letn\u00ed pr\u00e1zdniny automaticky d\u00e1 do souvislosti s&nbsp;cestou k&nbsp;mo\u0159i. Dokonce i u\u010ditelky v z\u00e1\u0159\u00ed \u010dasto jako prvn\u00ed zad\u00e1n\u00ed slohov\u00e9 pr\u00e1ce zadaj\u00ed jako t\u00e9ma v\u00fdlet rodiny k&nbsp;mo\u0159i. Nikdo se nad t\u00edm nepozastavuje. &nbsp;D\u011bti se pak mnohdy nau\u010d\u00ed p\u0159epo\u010d\u00edt\u00e1vat kuny na koruny d\u0159\u00edv, ne\u017e nav\u0161t\u00edv\u00ed n\u011bjak\u00fd z&nbsp;\u010desk\u00fdch hrad\u016f \u010di z\u00e1mk\u016f. &nbsp;P\u0159itom j\u00e1 jsem...","datePublished":"2019-10-03","dateModified":"2023-06-02","author":{"@type":"Person","@id":"https:\/\/www.hrazdila.cz\/author\/#Person","name":"","url":"https:\/\/www.hrazdila.cz\/author\/","identifier":1,"image":{"@type":"ImageObject","@id":"https:\/\/secure.gravatar.com\/avatar\/4faace62981be50719be6a25151192978e6d585737a520836dcb98934de3bb45?s=96&d=mm&r=g","url":"https:\/\/secure.gravatar.com\/avatar\/4faace62981be50719be6a25151192978e6d585737a520836dcb98934de3bb45?s=96&d=mm&r=g","height":96,"width":96}},"publisher":{"@type":"Organization","name":"hrazdila.cz","logo":{"@type":"ImageObject","@id":"\/logo.png","url":"\/logo.png","width":600,"height":60}},"image":{"@type":"ImageObject","@id":"https:\/\/www.hrazdila.cz\/wp-content\/uploads\/img_a356262_w3391_t1570907547.jpg","url":"https:\/\/www.hrazdila.cz\/wp-content\/uploads\/img_a356262_w3391_t1570907547.jpg","height":0,"width":0},"url":"https:\/\/www.hrazdila.cz\/dovolena-neni-jen-u-more\/","about":["Dovolen\u00e1"],"wordCount":472,"articleBody":"&nbsp;Mnoho lid\u00ed si dovolenou a letn\u00ed pr\u00e1zdniny automaticky d\u00e1 do souvislosti s&nbsp;cestou k&nbsp;mo\u0159i. Dokonce i u\u010ditelky v z\u00e1\u0159\u00ed \u010dasto jako prvn\u00ed zad\u00e1n\u00ed slohov\u00e9 pr\u00e1ce zadaj\u00ed jako t\u00e9ma v\u00fdlet rodiny k&nbsp;mo\u0159i. Nikdo se nad t\u00edm nepozastavuje.&nbsp;D\u011bti se pak mnohdy nau\u010d\u00ed p\u0159epo\u010d\u00edt\u00e1vat kuny na koruny d\u0159\u00edv, ne\u017e nav\u0161t\u00edv\u00ed n\u011bjak\u00fd z&nbsp;\u010desk\u00fdch hrad\u016f \u010di z\u00e1mk\u016f.&nbsp;P\u0159itom j\u00e1 jsem jako mal\u00e1 tak r\u00e1da pozn\u00e1vala z\u00e1hady a tajemstv\u00ed mlhou obest\u0159en\u00fdch z\u0159\u00edcenin. Fascinovaly m\u011b panovn\u00edci a obdivovala jsem kr\u00e1su princezen na portr\u00e9tech. Hltala jsem slova pr\u016fvodce o lidech, kte\u0159\u00ed p\u0159ed n\u011bkolika stolet\u00edmi chodili po stejn\u00fdch m\u00edstnostech, jako j\u00e1. Dote\u010f si pamatuji kr\u00e1su starobyl\u00fdch knihoven, nebo komnaty, kter\u00fdmi proch\u00e1zela c\u00edsa\u0159ovna Sissi v&nbsp;Krom\u011b\u0159\u00ed\u017ei.&nbsp;Dnes u\u017e je nemodern\u00ed jezdit jen po na\u0161\u00ed zemi. \u010casto se to p\u0159isuzuje lidem, kte\u0159\u00ed na cestu do zahrani\u010d\u00ed nemaj\u00ed pen\u00edze. Okol\u00ed jakoby ka\u017ed\u00e9ho takov\u00e9ho v\u00fdletn\u00edka litovalo pohledem. M\u00e1lokdy n\u011bkoho napadne, \u017ee se m\u016f\u017ee jednat o lidi, kter\u00fdm prost\u011b p\u0159ijde zaj\u00edmav\u00e9 jejich okol\u00ed. Nepot\u0159ebuj\u00ed ke spokojen\u00e9 dovolen\u00e9 p\u0159ecpan\u00e9 pl\u00e1\u017ee, ale jsou spokojeni v&nbsp;\u010desk\u00fdch les\u00edch, p\u0159ijdou jim fascinuj\u00edc\u00ed stopy po starobyl\u00fdch mo\u0159\u00edch a oce\u00e1nech na p\u00edskovcov\u00fdch skal\u00e1ch.&nbsp;Mo\u0159e m\u00e1 samoz\u0159ejm\u011b tak\u00e9 n\u011bco do sebe. Mo\u0159sk\u00fd vzduch je pr\u00fd zdrav\u00fd a p\u0159\u00edmo\u0159sk\u00e1 kuchyn\u011b m\u00e1 rozhodn\u011b zaj\u00edmav\u00e9 chut\u011b. Ale z\u00e1le\u017e\u00ed, kam jedete. Jsou m\u00edsta, kde opravdu najdete azurov\u00e9 pl\u00e1\u017ee, tepl\u00fd v\u00edtr V\u00e1m cuch\u00e1 vlasy a plav\u010d\u00edk s&nbsp;postavou modela V\u00e1m m\u00e1v\u00e1 na uv\u00edtanou. Hotel je n\u00e1dhern\u011b \u010dist\u00fd a v\u017edy se vysp\u00edte do r\u016f\u017eova.&nbsp;&nbsp;A pak jsou m\u00edsta, kde je pl\u00e1\u017e pln\u00e1 odpadk\u016f, k\u0159iku, nikde nen\u00ed m\u00edsto si lehnout a kdy\u017e ho kone\u010dn\u011b objev\u00edte, je u p\u0159ehnan\u011b upov\u00eddan\u00fdch \u010cech\u016f. Po n\u00e1vratu na hotel nav\u00edc m\u016f\u017eete zjistit, \u017ee soused\u00e9 slav\u00ed do dvou hodin do r\u00e1na a \u017ee se nevysp\u00edte. Z&nbsp;o\u010dek\u00e1v\u00e1n\u00ed kr\u00e1sn\u00e9 a klidn\u00e9 dovolen\u00e9 se tak m\u016f\u017ee st\u00e1t tich\u00e1 modlitba za to, aby oni sd\u00edln\u00ed \u010ce\u0161i nebydleli ve stejn\u00e9m hotelu a necht\u011bli si do brzk\u00fdch rann\u00edch hodin pov\u00eddat.&nbsp;Ka\u017ed\u00fd m\u00e1 zkr\u00e1tka jin\u00fd vkus. Ale nikdy bychom nem\u011bli zapomenout na to, \u017ee dovolen\u00e1 je o klidu s&nbsp;rodinou a ne o tom, v&nbsp;jak\u00e9 destinaci si nakonec dovolenou odbudete.                                                                                                                                                                                                                                                                                                                                                                                        4.6\/5 - (9 votes)        "},{"@context":"https:\/\/schema.org\/","@type":"BreadcrumbList","itemListElement":[{"@type":"ListItem","position":1,"name":"Dovolen\u00e1 nen\u00ed jen u mo\u0159e","item":"https:\/\/www.hrazdila.cz\/dovolena-neni-jen-u-more\/#breadcrumbitem"}]}]