[{"@context":"https:\/\/schema.org\/","@type":"Article","@id":"https:\/\/www.hrazdila.cz\/kam-se-v-cr-vypravit-za-pamatkami-unesco\/#Article","mainEntityOfPage":"https:\/\/www.hrazdila.cz\/kam-se-v-cr-vypravit-za-pamatkami-unesco\/","headline":"Kam se v \u010cR vypravit za pam\u00e1tkami UNESCO?","name":"Kam se v \u010cR vypravit za pam\u00e1tkami UNESCO?","description":"1. Brno \u2013 Vila Tugendhat&#13; Tato funkcionalistick\u00e1 vila je ozdobou a l\u00e1kadlem pro turisty p\u0159ij\u00ed\u017ed\u011bj\u00edc\u00ed do moravsk\u00e9 metropole. Na prvn\u00ed pohled p\u016fsob\u00ed tato vila stroze a velmi modern\u011b, p\u0159i bli\u017e\u0161\u00edm studiu v\u0161ak zjist\u00edte, \u017ee jej\u00ed technick\u00e9 \u0159e\u0161en\u00ed je velmi n\u00e1ro\u010dn\u00e9 a sv\u00fdm obyvatel\u016fm nab\u00edzela neb\u00fdval\u00fd komfort. Jej\u00ed po\u0159izovac\u00ed cena odpov\u00eddala zhruba cen\u011b deseti b\u011b\u017en\u00fdch vil.2....","datePublished":"2020-10-22","dateModified":"2023-06-02","author":{"@type":"Person","@id":"https:\/\/www.hrazdila.cz\/author\/#Person","name":"","url":"https:\/\/www.hrazdila.cz\/author\/","identifier":1,"image":{"@type":"ImageObject","@id":"https:\/\/secure.gravatar.com\/avatar\/4faace62981be50719be6a25151192978e6d585737a520836dcb98934de3bb45?s=96&d=mm&r=g","url":"https:\/\/secure.gravatar.com\/avatar\/4faace62981be50719be6a25151192978e6d585737a520836dcb98934de3bb45?s=96&d=mm&r=g","height":96,"width":96}},"publisher":{"@type":"Organization","name":"hrazdila.cz","logo":{"@type":"ImageObject","@id":"\/logo.png","url":"\/logo.png","width":600,"height":60}},"image":{"@type":"ImageObject","@id":"https:\/\/www.hrazdila.cz\/wp-content\/uploads\/img_a310686_w1773_t1521627018.jpg","url":"https:\/\/www.hrazdila.cz\/wp-content\/uploads\/img_a310686_w1773_t1521627018.jpg","height":0,"width":0},"url":"https:\/\/www.hrazdila.cz\/kam-se-v-cr-vypravit-za-pamatkami-unesco\/","about":["Cestov\u00e1n\u00ed"],"wordCount":415,"articleBody":"1. Brno \u2013 Vila Tugendhat&#13; Tato funkcionalistick\u00e1 vila je ozdobou a l\u00e1kadlem pro turisty p\u0159ij\u00ed\u017ed\u011bj\u00edc\u00ed do moravsk\u00e9 metropole. Na prvn\u00ed pohled p\u016fsob\u00ed tato vila stroze a velmi modern\u011b, p\u0159i bli\u017e\u0161\u00edm studiu v\u0161ak zjist\u00edte, \u017ee jej\u00ed technick\u00e9 \u0159e\u0161en\u00ed je velmi n\u00e1ro\u010dn\u00e9 a sv\u00fdm obyvatel\u016fm nab\u00edzela neb\u00fdval\u00fd komfort. Jej\u00ed po\u0159izovac\u00ed cena odpov\u00eddala zhruba cen\u011b deseti b\u011b\u017en\u00fdch vil.2. \u010cesk\u00fd Krumlov \u2013 historick\u00e9 centrum&#13; Na jihu \u010cech nedaleko \u010cesk\u00fdch Bud\u011bjovic se nach\u00e1z\u00ed m\u011bsto, jeho\u017e historick\u00fdm j\u00e1drem prot\u00e9k\u00e1 \u0159eka Vltava. B\u011bhem stalet\u00ed zde na obou b\u0159ez\u00edch \u0159eky vyrostl jedine\u010dn\u00fd architektonick\u00fd komplex. Jeho dominantami jsou z\u00e1mek, kter\u00fd vznikl p\u0159estavbou p\u016fvodn\u00edho hradu a d\u00e1le pak kostel sv. V\u00edta, jen\u017e se nach\u00e1z\u00ed na druh\u00e9m b\u0159ehu. Naprostou raritou je pak barokn\u00ed divadlo, kter\u00e9 nebylo nikdy po\u0161kozeno ani modernizov\u00e1no.3. Krom\u011b\u0159\u00ed\u017e \u2013 z\u00e1mek a z\u00e1meck\u00e9 zahrady&#13; \u201eHan\u00e1ck\u00e9 At\u00e9ny\u201c i tak se p\u0159ezd\u00edv\u00e1 m\u011bstu Krom\u011b\u0159\u00ed\u017e, kter\u00e9 se d\u00edky arcibiskupsk\u00e9mu z\u00e1mku a dv\u011b p\u0159ilehl\u00fdm historick\u00fdm zahrad\u00e1m stalo sou\u010d\u00e1st\u00ed seznamu pam\u00e1tek UNESCO. Kv\u011btn\u00e1 zahrada je unik\u00e1tn\u00ed pam\u00e1tka, jej\u00ed\u017e sou\u010d\u00e1st\u00ed je ark\u00e1dov\u00e1 kolon\u00e1da, letohr\u00e1dek, ka\u0161ny a dal\u0161\u00ed socha\u0159sk\u00e1 v\u00fdzdoba. Jej\u00ed dominantou je pak osmibok\u00fd pavilon v italsk\u00e9m stylu. Z\u00e1hony pln\u00e9 barevn\u00fdch kv\u011btin jsou v\u00fdjime\u010dn\u00e9 svou geometrickou \u00fapravou. Jejich kr\u00e1su mohou n\u00e1v\u0161t\u011bvn\u00edci obdivovat z terasy na st\u0159e\u0161e kolon\u00e1dy.4. Kutn\u00e1 Hora \u2013 historick\u00e9 centrum, chr\u00e1m sv. Barbory&#13; V d\u00e1vn\u00fdch dob\u00e1ch byla Kutn\u00e1 Hora d\u00edky t\u011b\u017eb\u011b st\u0159\u00edbra jedn\u00edm z nejv\u00fdznamn\u011bj\u0161\u00edch m\u011bst \u010desk\u00e9ho kr\u00e1lovstv\u00ed. Dominantou m\u011bsta jsou dva gotick\u00e9 kostely. Na stavb\u011b v\u011bhlasn\u00e9ho chr\u00e1mu sv. Barbory se pod\u00edleli stavitel\u00e9 jako Petr Parl\u00e9\u0159 nebo mistr Hanu\u0161. Dne\u0161n\u00ed kostel je jen \u010d\u00e1st\u00ed p\u016fvodn\u011b zam\u00fd\u0161len\u00e9 stavby, p\u0159esto se jedn\u00e1 o n\u00e1dhernou a impozantn\u00ed stavbu. V historick\u00e9 \u010d\u00e1sti m\u011bsta se pak m\u016f\u017ee oko n\u00e1v\u0161t\u011bvn\u00edka pot\u011b\u0161it pohledem na celou \u0159adu historick\u00fdch budov, zdoben\u00e9 nejen n\u00e1dhern\u00fdmi ark\u00fd\u0159i.&#13; Kam d\u00e1le m\u016f\u017eete vyrazit za pam\u00e1tkami UNESCO v \u010cR?&#13; \u00b7 Hola\u0161ovice&#13; \u00b7 Lednicko-valtick\u00fd are\u00e1l&#13; \u00b7 Litomy\u0161l&#13; \u00b7 T\u0159eb\u00ed\u010d&#13; \u00b7 Tel\u010d&#13; \u00b7 Praha&#13; \u00b7 Olomouc&#13; \u00b7 \u017d\u010f\u00e1r nad S\u00e1zavou                                                                                                                                                                                                                                                                                                                                                                                        4.5\/5 - (8 votes)        "},{"@context":"https:\/\/schema.org\/","@type":"BreadcrumbList","itemListElement":[{"@type":"ListItem","position":1,"name":"Kam se v \u010cR vypravit za pam\u00e1tkami UNESCO?","item":"https:\/\/www.hrazdila.cz\/kam-se-v-cr-vypravit-za-pamatkami-unesco\/#breadcrumbitem"}]}]