[{"@context":"https:\/\/schema.org\/","@type":"Article","@id":"https:\/\/www.hrazdila.cz\/pocasi-si-ke-stehovani-nemuzeme-vybirat\/#Article","mainEntityOfPage":"https:\/\/www.hrazdila.cz\/pocasi-si-ke-stehovani-nemuzeme-vybirat\/","headline":"Po\u010das\u00ed si ke st\u011bhov\u00e1n\u00ed nem\u016f\u017eeme vyb\u00edrat","name":"Po\u010das\u00ed si ke st\u011bhov\u00e1n\u00ed nem\u016f\u017eeme vyb\u00edrat","description":"Ka\u017ed\u00e9 v\u011bt\u0161\u00ed st\u011bhov\u00e1n\u00ed s profesion\u00e1ly vy\u017eaduje zejm\u00e9na v\u010dasnou objedn\u00e1vku v dostate\u010dn\u00e9m \u010dasov\u00e9m p\u0159edstihu. Objedn\u00e1vky na posledn\u00ed chv\u00edli v\u00e1m zkr\u00e1tka nemus\u00ed vyj\u00edt, proto\u017ee bude m\u00edt firma v\u0161echny term\u00edny zamluven\u00e9. Jestli\u017ee tedy nap\u0159\u00edklad patn\u00e1ct\u00e9ho kv\u011btna domluv\u00edte term\u00edn st\u011bhov\u00e1n\u00ed na t\u0159in\u00e1ct\u00e9ho \u010dervna, m\u016f\u017eete pouze odhadovat, jak\u00e9 v ten den asi bude po\u010das\u00ed. Dlouhodob\u00e9 p\u0159edpov\u011bdi jsou pouze hrub\u00fdm odhadem...","datePublished":"2022-07-15","dateModified":"2023-06-02","author":{"@type":"Person","@id":"https:\/\/www.hrazdila.cz\/author\/#Person","name":"","url":"https:\/\/www.hrazdila.cz\/author\/","identifier":1,"image":{"@type":"ImageObject","@id":"https:\/\/secure.gravatar.com\/avatar\/4faace62981be50719be6a25151192978e6d585737a520836dcb98934de3bb45?s=96&d=mm&r=g","url":"https:\/\/secure.gravatar.com\/avatar\/4faace62981be50719be6a25151192978e6d585737a520836dcb98934de3bb45?s=96&d=mm&r=g","height":96,"width":96}},"publisher":{"@type":"Organization","name":"hrazdila.cz","logo":{"@type":"ImageObject","@id":"\/logo.png","url":"\/logo.png","width":600,"height":60}},"image":{"@type":"ImageObject","@id":"https:\/\/www.hrazdila.cz\/wp-content\/uploads\/cat-2360849_640.jpg","url":"https:\/\/www.hrazdila.cz\/wp-content\/uploads\/cat-2360849_640.jpg","height":0,"width":0},"url":"https:\/\/www.hrazdila.cz\/pocasi-si-ke-stehovani-nemuzeme-vybirat\/","about":["Podnik\u00e1n\u00ed"],"wordCount":461,"articleBody":"   Ka\u017ed\u00e9 v\u011bt\u0161\u00ed st\u011bhov\u00e1n\u00ed s profesion\u00e1ly vy\u017eaduje zejm\u00e9na v\u010dasnou objedn\u00e1vku v dostate\u010dn\u00e9m \u010dasov\u00e9m p\u0159edstihu. Objedn\u00e1vky na posledn\u00ed chv\u00edli v\u00e1m zkr\u00e1tka nemus\u00ed vyj\u00edt, proto\u017ee bude m\u00edt firma v\u0161echny term\u00edny zamluven\u00e9. Jestli\u017ee tedy nap\u0159\u00edklad patn\u00e1ct\u00e9ho kv\u011btna domluv\u00edte term\u00edn st\u011bhov\u00e1n\u00ed na t\u0159in\u00e1ct\u00e9ho \u010dervna, m\u016f\u017eete pouze odhadovat, jak\u00e9 v ten den asi bude po\u010das\u00ed. Dlouhodob\u00e9 p\u0159edpov\u011bdi jsou pouze hrub\u00fdm odhadem a \u010dty\u0159i t\u00fddny je velmi dlouh\u00e1 doba na n\u011bjak\u00e9 p\u0159esn\u011bj\u0161\u00ed progn\u00f3zy.Pro v\u00e1s to tedy znamen\u00e1, p\u0159ipravit se na r\u016fzn\u00e9 varianty a situace, do kter\u00fdch bude po\u010das\u00ed promlouvat, proto\u017ee st\u011bhovac\u00ed firma, kterou si zajist\u00edte, bude s velkou pravd\u011bpodobnost\u00ed pracovat za ka\u017ed\u00e9ho po\u010das\u00ed.Pozor na letn\u00ed vedra \u2013 letn\u00edm horkem se nenechte zasko\u010dit a bra\u0148te se mu, abyste netrp\u011bli \u00fapalem. M\u011bjte p\u0159ipraven dostatek tekutin a leh\u010d\u00ed j\u00eddla na st\u011bhovac\u00ed den, p\u0159i\u010dem\u017e p\u0159\u00edchod letn\u00edch veder se d\u00e1 p\u0159esn\u011b odhadnout tak s p\u011btidenn\u00edm p\u0159edstihem. V takov\u00e9m p\u0159\u00edpad\u011b \u0161et\u0159ete s\u00edly a pov\u011b\u0159te st\u011bhovac\u00ed firmu st\u011bhov\u00e1n\u00ed v Mlad\u00e9 Boleslavi t\u00edm nejobt\u00ed\u017en\u011bj\u0161\u00edm, proto\u017ee jsou to profesion\u00e1lov\u00e9, kte\u0159\u00ed jsou na n\u00e1mahu i v teplej\u0161\u00edm po\u010das\u00ed zvykl\u00ed a tr\u00e9novan\u00ed.Po\u010d\u00edtejte i se siln\u00fdm de\u0161t\u011bm \u2013 po\u010d\u00edtejte rad\u011bji i s de\u0161tiv\u00fdm po\u010das\u00edm a proto balte v\u011bci v krabic\u00edch do bublinkov\u00fdch f\u00f3li\u00ed, kter\u00e1 je ochr\u00e1n\u00ed p\u0159ed p\u0159\u00edpadn\u00fdm pr\u016fnikem vody p\u0159es z\u00e1hyby v kartonu. A rozebran\u00fd n\u00e1bytek tak\u00e9 zabalte, nejl\u00e9pe do tenk\u00e9 stretch f\u00f3lie, aby na de\u0161ti netrp\u011bl. I v\u011btrn\u00e9 po\u010das\u00ed, kter\u00e9 \u010dasto prov\u00e1z\u00ed d\u00e9\u0161\u0165, m\u016f\u017ee p\u0159id\u011blat starosti, m\u011bjte rad\u011bji k dispozici pl\u00e1\u0161t\u011bnku nebo softshellovou nepromokavou bundu, ne\u017e de\u0161tn\u00edk, kter\u00fd v\u00e1m bude v\u00edtr p\u0159evracet naruby, a nav\u00edc budete z\u0159ejm\u011b pot\u0159ebovat voln\u00e9 ob\u011b ruce.V zim\u011b n\u00e1mraza na chodn\u00edc\u00edch \u2013 v zim\u011b si p\u0159ipravte v p\u0159edstihu posypov\u00fd materi\u00e1l, abyste jej m\u011bli na obou m\u00edstech, tedy jak tam, odkud se st\u011bhujete, tak i na nov\u00e9m p\u016fsobi\u0161ti. Lep\u0161\u00ed ne\u017e s\u016fl, kter\u00e1 pomaleji reaguje a vytv\u00e1\u0159\u00ed klouzavou b\u0159e\u010dku, pou\u017eijte jemn\u00fd p\u00edsek, mohl by v\u00e1m na chodn\u00edky a silnici p\u0159ed domy sta\u010dit jeden dvacetilitrov\u00fd plastov\u00fd kbel\u00edk.                                                                                                                                                                                                                                                                                                                                                                                          4.2\/5 - (9 votes)        "},{"@context":"https:\/\/schema.org\/","@type":"BreadcrumbList","itemListElement":[{"@type":"ListItem","position":1,"name":"Po\u010das\u00ed si ke st\u011bhov\u00e1n\u00ed nem\u016f\u017eeme vyb\u00edrat","item":"https:\/\/www.hrazdila.cz\/pocasi-si-ke-stehovani-nemuzeme-vybirat\/#breadcrumbitem"}]}]