[{"@context":"https:\/\/schema.org\/","@type":"Article","@id":"https:\/\/www.hrazdila.cz\/podzimni-svatba\/#Article","mainEntityOfPage":"https:\/\/www.hrazdila.cz\/podzimni-svatba\/","headline":"Podzimn\u00ed svatba","name":"Podzimn\u00ed svatba","description":"Ka\u017ed\u00e9 ro\u010dn\u00ed obdob\u00ed m\u00e1 svoje kouzlo. Pokud jste se nap\u0159\u00edklad rozhodli, \u017ee chcete m\u00edt svatbu b\u011bhem podzimu, abyste vyu\u017eili fotogeni\u010dnosti tohoto obdob\u00ed a zejm\u00e9na vyu\u017eili to, \u017ee nebude extr\u00e9mn\u00ed horko, ur\u010dit\u011b se v\u00e1m v\u0161e povede za\u0159\u00eddit. I kdy\u017e n\u011bkdy je to nevyzpytateln\u00e9, vzhledem k tomu, \u017ee v\u00e1s m\u016f\u017ee zasko\u010dit podzimn\u00ed d\u00e9\u0161\u0165 nebo v\u00edtr. Ale i...","datePublished":"2023-09-30","dateModified":"2023-11-02","author":{"@type":"Person","@id":"https:\/\/www.hrazdila.cz\/author\/#Person","name":"","url":"https:\/\/www.hrazdila.cz\/author\/","identifier":1,"image":{"@type":"ImageObject","@id":"https:\/\/secure.gravatar.com\/avatar\/4faace62981be50719be6a25151192978e6d585737a520836dcb98934de3bb45?s=96&d=mm&r=g","url":"https:\/\/secure.gravatar.com\/avatar\/4faace62981be50719be6a25151192978e6d585737a520836dcb98934de3bb45?s=96&d=mm&r=g","height":96,"width":96}},"publisher":{"@type":"Organization","name":"hrazdila.cz","logo":{"@type":"ImageObject","@id":"\/logo.png","url":"\/logo.png","width":600,"height":60}},"image":{"@type":"ImageObject","@id":"https:\/\/www.hrazdila.cz\/wp-content\/uploads\/party_10_6.jpg","url":"https:\/\/www.hrazdila.cz\/wp-content\/uploads\/party_10_6.jpg","height":0,"width":0},"url":"https:\/\/www.hrazdila.cz\/podzimni-svatba\/","about":["Web"],"wordCount":405,"articleBody":"   Ka\u017ed\u00e9 ro\u010dn\u00ed obdob\u00ed m\u00e1 svoje kouzlo. Pokud jste se nap\u0159\u00edklad rozhodli, \u017ee chcete m\u00edt svatbu b\u011bhem podzimu, abyste vyu\u017eili fotogeni\u010dnosti tohoto obdob\u00ed a zejm\u00e9na vyu\u017eili to, \u017ee nebude extr\u00e9mn\u00ed horko, ur\u010dit\u011b se v\u00e1m v\u0161e povede za\u0159\u00eddit. I kdy\u017e n\u011bkdy je to nevyzpytateln\u00e9, vzhledem k tomu, \u017ee v\u00e1s m\u016f\u017ee zasko\u010dit podzimn\u00ed d\u00e9\u0161\u0165 nebo v\u00edtr. Ale i tak to jde za\u0159\u00eddit, abyste vy i va\u0161i host\u00e9 byli v suchu a u\u017e\u00edvali si prvn\u00ed novoman\u017eelsk\u00fd tanec tak, jak se slu\u0161\u00ed a pat\u0159\u00ed, bez toho, ani\u017e byste museli tan\u010dit v bl\u00e1t\u011b a za de\u0161t\u011b. A nemus\u00ed se jednat jenom o svatbu, pokud m\u00e1 n\u011bkdo kulat\u00e9 narozeniny, je to tak\u00e9 skv\u011bl\u00e1 p\u0159\u00edle\u017eitost, aby se jeho nejbli\u017e\u0161\u00ed rodina se\u0161la a u\u017eili si svoj\u00ed party. M\u00e1te ale mezi \u010dleny svoj\u00ed rodiny u\u017e star\u0161\u00ed jedince, kter\u00e9 nechcete vystavovat p\u0159\u00edli\u0161 slune\u010dn\u00edmu z\u00e1\u0159en\u00ed a chcete, aby si vychutn\u00e1vali slavnostn\u00ed narozeninov\u00e9 pochutiny v p\u0159\u00edjemn\u00e9m prost\u0159ed\u00ed? To v\u0161echno \u0159e\u0161\u00ed kvalitn\u00ed zast\u0159e\u0161en\u00ed, kter\u00e9 se pouze smontuj\u00ed na m\u00edst\u011b, kde chcete party po\u0159\u00e1dat a pak se zase odvezou. Velice jednoduch\u00e9 a nejste limitov\u00e1ni \u017e\u00e1dn\u00fdm ale. Zejm\u00e9na nast\u00e1vaj\u00edc\u00edm man\u017eel\u016fm se m\u016f\u017ee ulevit, pokud cht\u011bj\u00ed d\u011blat sv\u016fj svatebn\u00ed ob\u0159ad n\u011bkde na m\u00edst\u011b, kde nen\u00ed \u017e\u00e1dn\u00e9 z\u00e1zem\u00ed, ale oni to tam miluj\u00ed, proto\u017ee je to v p\u0159\u00edrod\u011b. Vyberte si p\u00e1rty stan pron\u00e1jem, vyberte si velikost, kterou chcete, pot\u0159ebujete, nebo v\u00e1m bude vyhovovat a objednejte si to od Partystany AZ, kte\u0159\u00ed zaji\u0161\u0165uj\u00ed t\u0159eba i vybaven\u00ed do t\u011bchto p\u0159\u00edst\u0159e\u0161k\u016f. Samoz\u0159ejm\u011b, \u017ee budete pot\u0159ebovat \u017eidle, stoly, posezen\u00ed, v\u00fdzdobu a tak d\u00e1le, tak je kontaktujte, a\u0165 m\u00e1te v\u0161echno v jednom a nesh\u00e1n\u00edte to v\u0161ude mo\u017en\u011b. Jsou z Brna, tak\u017ee v p\u0159ilehl\u00fdch oblastech m\u00e1te tyto skv\u011bl\u00e9 odborn\u00edky na dosah. P\u016fj\u010d\u00ed v\u00e1m tak\u00e9 i n\u016f\u017ekov\u00e9 stany, kter\u00e9 se hod\u00ed t\u0159eba podnikatel\u016fm na festivaly a jarmarky, kde cht\u011bj\u00ed p\u0159edv\u00e1d\u011bt svoje zbo\u017e\u00ed. M\u016f\u017eete se u nich i nez\u00e1vazn\u011b poptat. Rovn\u011b\u017e, pokud organizujete t\u0159eba firemn\u00ed ve\u010d\u00edrek.                                                                                                                                                                                                                                                                                                                                                                                           4\/5 - (10 votes)        "},{"@context":"https:\/\/schema.org\/","@type":"BreadcrumbList","itemListElement":[{"@type":"ListItem","position":1,"name":"Podzimn\u00ed svatba","item":"https:\/\/www.hrazdila.cz\/podzimni-svatba\/#breadcrumbitem"}]}]