[{"@context":"https:\/\/schema.org\/","@type":"Article","@id":"https:\/\/www.hrazdila.cz\/skoncilo-leto-definitivne\/#Article","mainEntityOfPage":"https:\/\/www.hrazdila.cz\/skoncilo-leto-definitivne\/","headline":"Skon\u010dilo l\u00e9to definitivn\u011b?","name":"Skon\u010dilo l\u00e9to definitivn\u011b?","description":"U\u017eili jsme si pom\u011brn\u011b tepl\u00fd \u010derven a hork\u00fd \u010dervenec. Mo\u017en\u00e1 i proto p\u0159i\u0161lo ochlazen\u00ed v podob\u011b teplotn\u00edho \u0161oku, proto\u017ee za\u010d\u00e1tek srpna vykazuje sp\u00ed\u0161e po\u010das\u00ed, kter\u00e9 je typick\u00e9 pro podzim. Rann\u00ed teploty okolo deseti stup\u0148\u016f na cel\u00e9 \u0159ad\u011b m\u00edst v \u010cesk\u00e9 republice nejsou ni\u010d\u00edm v\u00fdjime\u010dn\u00fdm, denn\u00ed teploty se vy\u0161plhaj\u00ed sotva na 20, a k tomu fouk\u00e1...","datePublished":"2023-06-15","dateModified":"2023-08-17","author":{"@type":"Person","@id":"https:\/\/www.hrazdila.cz\/author\/#Person","name":"","url":"https:\/\/www.hrazdila.cz\/author\/","identifier":1,"image":{"@type":"ImageObject","@id":"https:\/\/secure.gravatar.com\/avatar\/4faace62981be50719be6a25151192978e6d585737a520836dcb98934de3bb45?s=96&d=mm&r=g","url":"https:\/\/secure.gravatar.com\/avatar\/4faace62981be50719be6a25151192978e6d585737a520836dcb98934de3bb45?s=96&d=mm&r=g","height":96,"width":96}},"publisher":{"@type":"Organization","name":"hrazdila.cz","logo":{"@type":"ImageObject","@id":"\/logo.png","url":"\/logo.png","width":600,"height":60}},"image":{"@type":"ImageObject","@id":"https:\/\/www.hrazdila.cz\/wp-content\/uploads\/tea-gd4afa0d4b_640_6.jpg","url":"https:\/\/www.hrazdila.cz\/wp-content\/uploads\/tea-gd4afa0d4b_640_6.jpg","height":0,"width":0},"url":"https:\/\/www.hrazdila.cz\/skoncilo-leto-definitivne\/","about":["Podnik\u00e1n\u00ed"],"wordCount":420,"articleBody":"   U\u017eili jsme si pom\u011brn\u011b tepl\u00fd \u010derven a hork\u00fd \u010dervenec. Mo\u017en\u00e1 i proto p\u0159i\u0161lo ochlazen\u00ed v podob\u011b teplotn\u00edho \u0161oku, proto\u017ee za\u010d\u00e1tek srpna vykazuje sp\u00ed\u0161e po\u010das\u00ed, kter\u00e9 je typick\u00e9 pro podzim. Rann\u00ed teploty okolo deseti stup\u0148\u016f na cel\u00e9 \u0159ad\u011b m\u00edst v \u010cesk\u00e9 republice nejsou ni\u010d\u00edm v\u00fdjime\u010dn\u00fdm, denn\u00ed teploty se vy\u0161plhaj\u00ed sotva na 20, a k tomu fouk\u00e1 studen\u00fd v\u00edtr a leje jako z konve. Takov\u00e9 po\u010das\u00ed rozhodn\u011b neb\u00fdv\u00e1 typick\u00e9 pro l\u00e9to, ale podle p\u0159edpov\u011bd\u00ed to vypad\u00e1, \u017ee si n\u011bjak\u00e9 teplo jet\u011b chv\u00edli u\u017eijeme.Ne\u017e se ale vr\u00e1t\u00ed tepl\u00e9 po\u010das\u00ed, mus\u00edme si n\u011bjak poradit s t\u00edm, jak\u00e9 po\u010das\u00ed je te\u010f. Je dobr\u00e9 si dop\u0159\u00e1t dodatek odpo\u010dinku, a vyu\u017e\u00edt tak nevl\u00eddn\u00ed po\u010das\u00ed na maximum. D\u00edky tomu pak budete m\u00edt dostatek energie na to, abyste si u\u017eili zbytek l\u00e9ta, kter\u00e9 m\u00e1 je\u0161t\u011b p\u0159ij\u00edt. Ide\u00e1ln\u00ed je si zacvi\u010dit j\u00f3gu, kter\u00e1 m\u00e1 velmi dobr\u00e9 \u00fa\u010dinky na lidsk\u00e9 zdrav\u00ed, a nebo si jen tak pole\u017eet u filmu \u010di seri\u00e1lu a nebo u dobr\u00e9 kn\u00ed\u017eky. K tomu je ide\u00e1ln\u00ed si d\u00e1t n\u011bco dobr\u00e9ho, a pokud p\u0159ijdete vymrzl\u00ed dom\u016f, proto\u017ee sou\u010dasn\u00e9 teploty jsou opravdu na m\u00edle vzd\u00e1len\u00e9 letn\u00edm, m\u016f\u017eete si d\u00e1t t\u0159eba tepl\u00fd bylinkov\u00fd \u010daj.Pro\u010d bylinky? Bylinky a bylinn\u00e9 sm\u011bsi jsou skv\u011bl\u00fdm dom\u00e1c\u00edm l\u00e9ka\u0159em, kter\u00fd n\u00e1m m\u016f\u017ee pomoct s celou \u0159adou zdravotn\u00edch probl\u00e9m\u016f. Pomoc\u00ed bylinek se daj\u00ed zlep\u0161it mnoh\u00e9 pot\u00ed\u017ee &#8211; od vysok\u00e9ho krevn\u00edho tlaku, p\u0159es hormon\u00e1ln\u00ed nerovnov\u00e1hu, a\u017e po ang\u00ednu. Je pot\u0159eba v\u017edy zvolit takovou sm\u011bs, kter\u00e1 pro v\u00e1s bude vhodn\u00e1, tak\u017ee se ur\u010dit\u011b pora\u010fte s l\u00e9ka\u0159em nebo s n\u011bjak\u00fdm, kdo bylinky prod\u00e1v\u00e1 a vyzn\u00e1 se v nich.P\u0159i p\u0159\u00edprav\u011b bylinkov\u00e9ho \u010daje je vhodn\u00e9 dodr\u017eet doporu\u010den\u00fd postup. Ka\u017ed\u00e1 bylinka m\u00e1 r\u00e1da jinou teplotu, tak\u017ee sledujte, jak horkou vodou si \u010daj zal\u00e9v\u00e1te. Z\u00e1rove\u0148 je dobr\u00e9 nekombinovat v\u00edce bylinkov\u00fdch \u010daj\u016f. Krom\u011b vnit\u0159n\u00edho u\u017eit\u00ed jsou tyto \u010daje skv\u011bl\u00e9 jako odvary kter\u00e9 se daj\u00ed pou\u017e\u00edvat i k vn\u011bj\u0161\u00edmu l\u00e9\u010den\u00ed nap\u0159\u00edklad r\u016fzn\u00fdch poran\u011bn\u00ed nebo jizev.                                                                                                                                                                                                                                                                                                                                                                                          3.8\/5 - (6 votes)        "},{"@context":"https:\/\/schema.org\/","@type":"BreadcrumbList","itemListElement":[{"@type":"ListItem","position":1,"name":"Skon\u010dilo l\u00e9to definitivn\u011b?","item":"https:\/\/www.hrazdila.cz\/skoncilo-leto-definitivne\/#breadcrumbitem"}]}]