[{"@context":"https:\/\/schema.org\/","@type":"Article","@id":"https:\/\/www.hrazdila.cz\/vytvorte-svym-detem-krasny-pokojicek\/#Article","mainEntityOfPage":"https:\/\/www.hrazdila.cz\/vytvorte-svym-detem-krasny-pokojicek\/","headline":"Vytvo\u0159te sv\u00fdm d\u011btem kr\u00e1sn\u00fd pokoj\u00ed\u010dek","name":"Vytvo\u0159te sv\u00fdm d\u011btem kr\u00e1sn\u00fd pokoj\u00ed\u010dek","description":"Jist\u011b v\u0161ichni budete souhlasit, \u017ee b\u00edl\u00e1 barva je elegantn\u00ed, nad\u010dasov\u00e1, odr\u00e1\u017e\u00ed sv\u011btlo a nep\u016fsob\u00ed ru\u0161iv\u011b. Tepl\u00e9 barvy jako oran\u017eov\u00e1, \u010derven\u00e1, \u017elut\u00e1 vytv\u00e1\u0159ej\u00ed pocit tepla. P\u00edskov\u00e9 odst\u00edny vytv\u00e1\u0159ej\u00ed uklid\u0148uj\u00edc\u00ed atmosf\u00e9ru, se kterou se \u010dlov\u011bk snadno s\u017eije. Ano, dekora\u010dn\u00ed l\u00e1tky v\u0161ech t\u011bchto barev a odst\u00edn\u016f u n\u00e1s najdete! D\u016fraz v\u017edy kla\u010fte na \u00fapravu okenn\u00edho prostoru. Zp\u016fsob, jak\u00fdm...","datePublished":"2025-03-03","dateModified":"2025-03-03","author":{"@type":"Person","@id":"https:\/\/www.hrazdila.cz\/author\/#Person","name":"","url":"https:\/\/www.hrazdila.cz\/author\/","identifier":1,"image":{"@type":"ImageObject","@id":"https:\/\/secure.gravatar.com\/avatar\/4faace62981be50719be6a25151192978e6d585737a520836dcb98934de3bb45?s=96&d=mm&r=g","url":"https:\/\/secure.gravatar.com\/avatar\/4faace62981be50719be6a25151192978e6d585737a520836dcb98934de3bb45?s=96&d=mm&r=g","height":96,"width":96}},"publisher":{"@type":"Organization","name":"hrazdila.cz","logo":{"@type":"ImageObject","@id":"\/logo.png","url":"\/logo.png","width":600,"height":60}},"url":"https:\/\/www.hrazdila.cz\/vytvorte-svym-detem-krasny-pokojicek\/","wordCount":153,"articleBody":"Jist\u011b v\u0161ichni budete souhlasit, \u017ee b\u00edl\u00e1 barva je elegantn\u00ed, nad\u010dasov\u00e1, odr\u00e1\u017e\u00ed sv\u011btlo a nep\u016fsob\u00ed ru\u0161iv\u011b. Tepl\u00e9 barvy jako oran\u017eov\u00e1, \u010derven\u00e1, \u017elut\u00e1 vytv\u00e1\u0159ej\u00ed pocit tepla. P\u00edskov\u00e9 odst\u00edny vytv\u00e1\u0159ej\u00ed uklid\u0148uj\u00edc\u00ed atmosf\u00e9ru, se kterou se \u010dlov\u011bk snadno s\u017eije. Ano, dekora\u010dn\u00ed l\u00e1tky v\u0161ech t\u011bchto barev a odst\u00edn\u016f u n\u00e1s najdete!D\u016fraz v\u017edy kla\u010fte na \u00fapravu okenn\u00edho prostoru. Zp\u016fsob, jak\u00fdm ho uprav\u00edme, v\u00fdrazn\u011b p\u0159isp\u011bje do celkov\u00e9ho vzez\u0159en\u00ed interi\u00e9ru va\u0161eho obydl\u00ed \u010di kancel\u00e1\u0159e. Modern\u00ed \u00fapravy jsou jednodu\u0161\u0161\u00ed. Pou\u017e\u00edv\u00e1 se m\u00e9n\u011b dekora\u010dn\u00ed l\u00e1tky a okna zakr\u00fdvaj\u00ed jednoduch\u00e9 z\u00e1clony vis\u00edc\u00ed na tenk\u00fdch kovov\u00fdch garn\u00fd\u017e\u00ed uchyceny kovov\u00fdmi sk\u0159ipci.V\u0161e ohledn\u011b dekora\u010dn\u00edch l\u00e1tek v\u00e1m r\u00e1di zodpov\u00edme!                                                                                                                                                                                                                                                                                                                                                                                        4.5\/5 - (2 votes)        "},{"@context":"https:\/\/schema.org\/","@type":"BreadcrumbList","itemListElement":[{"@type":"ListItem","position":1,"name":"Vytvo\u0159te sv\u00fdm d\u011btem kr\u00e1sn\u00fd pokoj\u00ed\u010dek","item":"https:\/\/www.hrazdila.cz\/vytvorte-svym-detem-krasny-pokojicek\/#breadcrumbitem"}]}]